{"id":238,"date":"2018-08-29T11:02:24","date_gmt":"2018-08-29T09:02:24","guid":{"rendered":"https:\/\/medienwerkstatt-il.de\/CM\/?p=238"},"modified":"2018-08-29T11:11:25","modified_gmt":"2018-08-29T09:11:25","slug":"60-jahre-bundesrepublik","status":"publish","type":"post","link":"https:\/\/medienwerkstatt-il.de\/CM\/60-jahre-bundesrepublik\/","title":{"rendered":"60 Jahre Bundesrepublik"},"content":{"rendered":"<h3>Wahrnehmung von Entwicklungen und Br\u00fcchen im Isenhagener Land: Spuren der 68er-Jahre<\/h3>\n<p><img decoding=\"async\" loading=\"lazy\" class=\"size-full wp-image-245 alignleft\" src=\"https:\/\/medienwerkstatt-il.de\/CM\/wp-content\/uploads\/2018\/08\/Bild-68er-Runde-Steinhorst-211009-001.jpg\" alt=\"\" width=\"250\" height=\"187\" \/>Als Begleitveranstaltung im Schulmuseum Steinhorst befasste sich am 21. Oktober 2009 ein Themenabend unter der Leitung des NDR-Redakteurs Dr. Uwe Day mit den Erfahrungen von Zeitzeugen, die sich als Jugendliche oder Erwachsene an die 68er-Jahre erinnern konnten.<!--more--><\/p>\n<p>Was haben diese Menschen in der l\u00e4ndlichen Abgeschiedenheit des Zonenrandgebiets von den weltpolitischen Ereignissen in USA, Frankreich und schlie\u00dflich auch in Berlin und einigen westdeutschen Metropolen wahrgenommen? Was hat sie in ihrer jeweiligen Lebenssituation so betroffen, dass sie sich mit Gleichgesinnten zusammenfanden, um gegen Ungerechtigkeiten und Missst\u00e4nde zu k\u00e4mpfen oder zu glauben &#8211; wie im Fall eines damaligen Schulleiters &#8211; die verfasste Ordnung der Gesellschaft gegen &#8222;umst\u00fcrzlerische Bestrebungen&#8220; verteidigen zu m\u00fcssen?<\/p>\n<p><img decoding=\"async\" loading=\"lazy\" class=\"alignright size-full wp-image-246\" src=\"https:\/\/medienwerkstatt-il.de\/CM\/wp-content\/uploads\/2018\/08\/Bild-68er-Runde-Steinhorst-211009-002.jpg\" alt=\"\" width=\"250\" height=\"187\" \/>Welche Lebenserfahrungen aus dieser Zeit haben sich bis in die Gegenwart bew\u00e4hrt, was musste revidiert werden? Schlie\u00dflich: Welche Defizite verlangen auch nach 40 Jahren noch Zivilcourage und den unverdrossenen Einsatz der Altvorderen, um Menschen der ihnen folgenden Generationen den R\u00fccken zu st\u00e4rken und von kl\u00e4glicher Resignation oder banaler Konsumflucht abzuhalten?<\/p>\n<p>Einige sehr pers\u00f6nliche und recht unterschiedliche Antworten gaben die an der Steinhorster Runde Beteiligten: Rosemarie Brockmann, Irmingard Dyszak, Peter Brieber, Uwe Otte und J\u00fcrgen Rohde.<\/p>\n<p>Der auf 80 Minuten gestraffte Mitschnitt der Medienwerkstatt richtete sich an alle, denen die gesellschaftliche Entwicklung und ihre demokratische Mitwirkung vor Ort (noch) wichtig sind.<\/p>\n","protected":false},"excerpt":{"rendered":"<p>Wahrnehmung von Entwicklungen und Br\u00fcchen im Isenhagener Land: Spuren der 68er-Jahre Als Begleitveranstaltung im Schulmuseum Steinhorst befasste sich am 21. Oktober 2009 ein Themenabend unter der Leitung des NDR-Redakteurs Dr. Uwe Day mit den Erfahrungen von Zeitzeugen, die sich als Jugendliche oder Erwachsene an die 68er-Jahre erinnern konnten.<\/p>\n","protected":false},"author":1,"featured_media":0,"comment_status":"closed","ping_status":"closed","sticky":false,"template":"","format":"standard","meta":[],"categories":[14],"tags":[],"_links":{"self":[{"href":"https:\/\/medienwerkstatt-il.de\/CM\/wp-json\/wp\/v2\/posts\/238"}],"collection":[{"href":"https:\/\/medienwerkstatt-il.de\/CM\/wp-json\/wp\/v2\/posts"}],"about":[{"href":"https:\/\/medienwerkstatt-il.de\/CM\/wp-json\/wp\/v2\/types\/post"}],"author":[{"embeddable":true,"href":"https:\/\/medienwerkstatt-il.de\/CM\/wp-json\/wp\/v2\/users\/1"}],"replies":[{"embeddable":true,"href":"https:\/\/medienwerkstatt-il.de\/CM\/wp-json\/wp\/v2\/comments?post=238"}],"version-history":[{"count":4,"href":"https:\/\/medienwerkstatt-il.de\/CM\/wp-json\/wp\/v2\/posts\/238\/revisions"}],"predecessor-version":[{"id":248,"href":"https:\/\/medienwerkstatt-il.de\/CM\/wp-json\/wp\/v2\/posts\/238\/revisions\/248"}],"wp:attachment":[{"href":"https:\/\/medienwerkstatt-il.de\/CM\/wp-json\/wp\/v2\/media?parent=238"}],"wp:term":[{"taxonomy":"category","embeddable":true,"href":"https:\/\/medienwerkstatt-il.de\/CM\/wp-json\/wp\/v2\/categories?post=238"},{"taxonomy":"post_tag","embeddable":true,"href":"https:\/\/medienwerkstatt-il.de\/CM\/wp-json\/wp\/v2\/tags?post=238"}],"curies":[{"name":"wp","href":"https:\/\/api.w.org\/{rel}","templated":true}]}}