{"id":249,"date":"2018-08-29T11:16:52","date_gmt":"2018-08-29T09:16:52","guid":{"rendered":"https:\/\/medienwerkstatt-il.de\/CM\/?p=249"},"modified":"2018-08-29T11:16:07","modified_gmt":"2018-08-29T09:16:07","slug":"steinhorst-erfrischend-natuerlich","status":"publish","type":"post","link":"https:\/\/medienwerkstatt-il.de\/CM\/steinhorst-erfrischend-natuerlich\/","title":{"rendered":"Steinhorst erfrischend nat\u00fcrlich"},"content":{"rendered":"<h3>Eine gute Wahl zwischen Landleben und Stadn\u00e4he<\/h3>\n<p>Ein gewachsener Ort mit Gesicht, Charakter und gesunder Infrastruktur stellt sich vor.<\/p>\n<p>Die inhaltliche Grundlage der Filmgeschichte legte Inka Korth mit einer erweiterten Fassung ihres Textes f\u00fcr den aktuellen Steinhorst-Flyer. Fernsehprofi Thorsten Heinze garantierte f\u00fcr Dreh- und Schnittqualit\u00e4t, Dietrich Noeske \u00fcbernahm die Dokumentation. Der ortskundige Walter S\u00fclzner kn\u00fcpfte Kontakte und lieferte Hintergrundinformationen, Ulrich Willier schlie\u00dflich koordinierte Technik und Organisation.<\/p>\n<p>Uli Diebels Musik unterst\u00fctzt die Eindr\u00fccke der Bilder und Originalt\u00f6ne. Thomas Lucker spricht den Filmkommentar, der durch die sch\u00f6ne Natur, \u00fcber Stationen der Kultur und Geschichte bis in die idyllisch gelegenen Heided\u00f6rfer f\u00fchrt.<\/p>\n<p>Ob der geheimnisvolle Gagelstrauch jedoch tats\u00e4chlich mit der biblischen Myrrhe verwandt ist, das und vieles andere zu entdecken bleibt den Neub\u00fcrgern und interessierten Besuchern selbst \u00fcberlassen.<\/p>\n","protected":false},"excerpt":{"rendered":"<p>Eine gute Wahl zwischen Landleben und Stadn\u00e4he Ein gewachsener Ort mit Gesicht, Charakter und gesunder Infrastruktur stellt sich vor. Die inhaltliche Grundlage der Filmgeschichte legte Inka Korth mit einer erweiterten Fassung ihres Textes f\u00fcr den aktuellen Steinhorst-Flyer. Fernsehprofi Thorsten Heinze garantierte f\u00fcr Dreh- und Schnittqualit\u00e4t, Dietrich Noeske \u00fcbernahm die Dokumentation. Der ortskundige Walter S\u00fclzner kn\u00fcpfte [&hellip;]<\/p>\n","protected":false},"author":1,"featured_media":250,"comment_status":"closed","ping_status":"closed","sticky":false,"template":"","format":"standard","meta":[],"categories":[15],"tags":[],"_links":{"self":[{"href":"https:\/\/medienwerkstatt-il.de\/CM\/wp-json\/wp\/v2\/posts\/249"}],"collection":[{"href":"https:\/\/medienwerkstatt-il.de\/CM\/wp-json\/wp\/v2\/posts"}],"about":[{"href":"https:\/\/medienwerkstatt-il.de\/CM\/wp-json\/wp\/v2\/types\/post"}],"author":[{"embeddable":true,"href":"https:\/\/medienwerkstatt-il.de\/CM\/wp-json\/wp\/v2\/users\/1"}],"replies":[{"embeddable":true,"href":"https:\/\/medienwerkstatt-il.de\/CM\/wp-json\/wp\/v2\/comments?post=249"}],"version-history":[{"count":1,"href":"https:\/\/medienwerkstatt-il.de\/CM\/wp-json\/wp\/v2\/posts\/249\/revisions"}],"predecessor-version":[{"id":251,"href":"https:\/\/medienwerkstatt-il.de\/CM\/wp-json\/wp\/v2\/posts\/249\/revisions\/251"}],"wp:featuredmedia":[{"embeddable":true,"href":"https:\/\/medienwerkstatt-il.de\/CM\/wp-json\/wp\/v2\/media\/250"}],"wp:attachment":[{"href":"https:\/\/medienwerkstatt-il.de\/CM\/wp-json\/wp\/v2\/media?parent=249"}],"wp:term":[{"taxonomy":"category","embeddable":true,"href":"https:\/\/medienwerkstatt-il.de\/CM\/wp-json\/wp\/v2\/categories?post=249"},{"taxonomy":"post_tag","embeddable":true,"href":"https:\/\/medienwerkstatt-il.de\/CM\/wp-json\/wp\/v2\/tags?post=249"}],"curies":[{"name":"wp","href":"https:\/\/api.w.org\/{rel}","templated":true}]}}