{"id":252,"date":"2018-08-29T11:15:34","date_gmt":"2018-08-29T09:15:34","guid":{"rendered":"https:\/\/medienwerkstatt-il.de\/CM\/?p=252"},"modified":"2018-08-29T16:34:52","modified_gmt":"2018-08-29T14:34:52","slug":"internetclip-sg-hankenbuettel","status":"publish","type":"post","link":"https:\/\/medienwerkstatt-il.de\/CM\/internetclip-sg-hankenbuettel\/","title":{"rendered":"Internetclip SG Hankenb\u00fcttel"},"content":{"rendered":"<h3>Kurzfilm f\u00fcr die Website der Samtgemeinde Hankensb\u00fcttel<\/h3>\n<p>Die Samtgemeinde Hankensb\u00fcttel pr\u00e4sentiert sich den Besuchern ihrer Homepage auch mit bewegten Bildern aus 25 D\u00f6rfern und deren Naturumgebung.<\/p>\n<p>Dazu wurde an vielen Orten gedreht, zum Beispiel die Begegnung einiger Reiter mit Radfahrern an einer Wegefurt, die Arbeit eines Hankensb\u00fctteler Bildhauers, Segelflieger \u00fcber der Repker Heide&#8230;<\/p>\n<p>Der 120-Sekunden-Clip soll auch andere heimische Unternehmen ermutigen &#8211; Fremdenverkehr, Gastronomie, Handwerksbetriebe und auch die Kommunen selbst &#8211; sich ebenfalls einmal so auf ihrer Website vorzustellen! Der Film ist seit Oktober 2006 in die Homepage der Samtgemeinde Hankensb\u00fcttel integriert.<\/p>\n","protected":false},"excerpt":{"rendered":"<p>Kurzfilm f\u00fcr die Website der Samtgemeinde Hankensb\u00fcttel Die Samtgemeinde Hankensb\u00fcttel pr\u00e4sentiert sich den Besuchern ihrer Homepage auch mit bewegten Bildern aus 25 D\u00f6rfern und deren Naturumgebung. Dazu wurde an vielen Orten gedreht, zum Beispiel die Begegnung einiger Reiter mit Radfahrern an einer Wegefurt, die Arbeit eines Hankensb\u00fctteler Bildhauers, Segelflieger \u00fcber der Repker Heide&#8230; Der 120-Sekunden-Clip [&hellip;]<\/p>\n","protected":false},"author":1,"featured_media":326,"comment_status":"closed","ping_status":"closed","sticky":false,"template":"","format":"standard","meta":[],"categories":[15],"tags":[],"_links":{"self":[{"href":"https:\/\/medienwerkstatt-il.de\/CM\/wp-json\/wp\/v2\/posts\/252"}],"collection":[{"href":"https:\/\/medienwerkstatt-il.de\/CM\/wp-json\/wp\/v2\/posts"}],"about":[{"href":"https:\/\/medienwerkstatt-il.de\/CM\/wp-json\/wp\/v2\/types\/post"}],"author":[{"embeddable":true,"href":"https:\/\/medienwerkstatt-il.de\/CM\/wp-json\/wp\/v2\/users\/1"}],"replies":[{"embeddable":true,"href":"https:\/\/medienwerkstatt-il.de\/CM\/wp-json\/wp\/v2\/comments?post=252"}],"version-history":[{"count":1,"href":"https:\/\/medienwerkstatt-il.de\/CM\/wp-json\/wp\/v2\/posts\/252\/revisions"}],"predecessor-version":[{"id":253,"href":"https:\/\/medienwerkstatt-il.de\/CM\/wp-json\/wp\/v2\/posts\/252\/revisions\/253"}],"wp:featuredmedia":[{"embeddable":true,"href":"https:\/\/medienwerkstatt-il.de\/CM\/wp-json\/wp\/v2\/media\/326"}],"wp:attachment":[{"href":"https:\/\/medienwerkstatt-il.de\/CM\/wp-json\/wp\/v2\/media?parent=252"}],"wp:term":[{"taxonomy":"category","embeddable":true,"href":"https:\/\/medienwerkstatt-il.de\/CM\/wp-json\/wp\/v2\/categories?post=252"},{"taxonomy":"post_tag","embeddable":true,"href":"https:\/\/medienwerkstatt-il.de\/CM\/wp-json\/wp\/v2\/tags?post=252"}],"curies":[{"name":"wp","href":"https:\/\/api.w.org\/{rel}","templated":true}]}}