{"id":410,"date":"2019-10-04T13:34:58","date_gmt":"2019-10-04T11:34:58","guid":{"rendered":"https:\/\/medienwerkstatt-il.de\/CM\/?p=410"},"modified":"2023-06-26T16:54:59","modified_gmt":"2023-06-26T14:54:59","slug":"ankommen","status":"publish","type":"post","link":"https:\/\/medienwerkstatt-il.de\/CM\/ankommen\/","title":{"rendered":"Ankommen"},"content":{"rendered":"<h3><b> Portr\u00e4ts von Fl\u00fcchtlingen aus unterschiedlichen Perioden im Isenhagener Land, eine Fotoausstellung mit audiovisuellen Elementen<\/b><\/h3>\n<p><strong><b>Hoang Tran, Meinhard Gehse, Hermann Bartel, drei Namen, die eines gemeinsam haben. Sie kamen als Fl\u00fcchtlinge ins Isenhagener Land. Drei von zwanzig Menschen, deren Portr\u00e4ts und pers\u00f6nliche Geschichten die Ausstellung \u201eAnkommen\u201c zeigt. <\/b><\/strong><!--more--><\/p>\n<p class=\"western\">Hoang Tran fl\u00fcchtete 1980 als Dreizehnj\u00e4hriger auf einem Flo\u00df mit den sogenannten Boatpeople aus S\u00fcdvietnam. Gerettet vom umgebauten Frachtschiff Cap Anamur kam er nach Deutschland und mit seiner Pflegefamilie sp\u00e4ter nach Hankensb\u00fcttel. Heute lebt er in Osnabr\u00fcck.<\/p>\n<p class=\"western\">Meinhard Gehse floh 1957 mit seiner Familie aus der Deutschen Demokratischen Republik (DDR). Sein Vater sah dort f\u00fcr seinen Sohn keine gute Zukunft. Zudem enteignete die sozialistische Partei die Landwirte und entzog ihnen damit die Selbst\u00e4ndigkeit. Nach Hochschulausbildung und Referendariat leitete Gehse seit der Gr\u00fcndung 1971 die Kartoffelchipsfabrik in Hankensb\u00fcttel.<\/p>\n<p class=\"western\">Hermann Bartel war Kriegsfl\u00fcchtling 1945. Als 15-j\u00e4hriger floh er aus Westpommern vor der heranr\u00fcckenden Roten Armee. Seine Familie fand in Wettendorf Zuflucht, Bartel lernte hier Landwirtschaft von der Pike auf und etablierte sich schnell beruflich wie famili\u00e4r in der Region.<\/p>\n<p class=\"western\">Drei von zwanzig Geschichten, welche die Ausstellung darstellt. Neben Portr\u00e4ts der gefl\u00fcchteten Personen zeigen unsere Interviews die dazu geh\u00f6renden Geschichten. Wo kommen sie her, warum und auf welche Weise sind sie geflohen und wie sind sie bei uns angekommen?<\/p>\n<p class=\"western\">Die Ausstellung zeigt Menschen, die als Kriegsfl\u00fcchtlinge nach 1945 ins Isenhagener Land kamen bis hin zu den heutigen Gefl\u00fcchteten. Das Projekt \u201eAnkommen\u201c konnte sechs unterschiedliche Zeitr\u00e4ume betrachten. Neben den erst genannten sind dies DDR- Fl\u00fcchtlinge vor 1961 und bis zur Grenz\u00f6ffnung 1989, sogenannte Boatpeople aus Vietnam ab 1978\/79, russlanddeutsche Aussiedler nach 1989 und Fl\u00fcchtlinge vom Balkan Anfang der 1990er Jahre.<\/p>\n<p class=\"western\">Die Ausstellung ist <strong>vom 23. August bis 14. Dezember 2023<\/strong> in derMensa des Gymnasiums Hankensb\u00fcttel zu sehen.<\/p>\n<div id='gallery-1' class='gallery galleryid-410 gallery-columns-2 gallery-size-full'><figure class='gallery-item'>\n\t\t\t<div class='gallery-icon landscape'>\n\t\t\t\t<img width=\"800\" height=\"533\" src=\"https:\/\/medienwerkstatt-il.de\/CM\/wp-content\/uploads\/2020\/10\/Medienwerkstatt_Ankommen_Seite_09.jpg\" class=\"attachment-full size-full\" alt=\"\" decoding=\"async\" loading=\"lazy\" srcset=\"https:\/\/medienwerkstatt-il.de\/CM\/wp-content\/uploads\/2020\/10\/Medienwerkstatt_Ankommen_Seite_09.jpg 800w, https:\/\/medienwerkstatt-il.de\/CM\/wp-content\/uploads\/2020\/10\/Medienwerkstatt_Ankommen_Seite_09-300x200.jpg 300w, https:\/\/medienwerkstatt-il.de\/CM\/wp-content\/uploads\/2020\/10\/Medienwerkstatt_Ankommen_Seite_09-768x512.jpg 768w\" sizes=\"(max-width: 800px) 100vw, 800px\" \/>\n\t\t\t<\/div><\/figure><figure class='gallery-item'>\n\t\t\t<div class='gallery-icon landscape'>\n\t\t\t\t<img width=\"800\" height=\"533\" src=\"https:\/\/medienwerkstatt-il.de\/CM\/wp-content\/uploads\/2020\/10\/05_meinhard_gehse.jpg\" class=\"attachment-full size-full\" alt=\"\" decoding=\"async\" loading=\"lazy\" srcset=\"https:\/\/medienwerkstatt-il.de\/CM\/wp-content\/uploads\/2020\/10\/05_meinhard_gehse.jpg 800w, https:\/\/medienwerkstatt-il.de\/CM\/wp-content\/uploads\/2020\/10\/05_meinhard_gehse-300x200.jpg 300w, https:\/\/medienwerkstatt-il.de\/CM\/wp-content\/uploads\/2020\/10\/05_meinhard_gehse-768x512.jpg 768w\" sizes=\"(max-width: 800px) 100vw, 800px\" \/>\n\t\t\t<\/div><\/figure><figure class='gallery-item'>\n\t\t\t<div class='gallery-icon landscape'>\n\t\t\t\t<img width=\"800\" height=\"533\" src=\"https:\/\/medienwerkstatt-il.de\/CM\/wp-content\/uploads\/2020\/10\/04_hoang_tran.jpg\" class=\"attachment-full size-full\" alt=\"\" decoding=\"async\" loading=\"lazy\" srcset=\"https:\/\/medienwerkstatt-il.de\/CM\/wp-content\/uploads\/2020\/10\/04_hoang_tran.jpg 800w, https:\/\/medienwerkstatt-il.de\/CM\/wp-content\/uploads\/2020\/10\/04_hoang_tran-300x200.jpg 300w, https:\/\/medienwerkstatt-il.de\/CM\/wp-content\/uploads\/2020\/10\/04_hoang_tran-768x512.jpg 768w\" sizes=\"(max-width: 800px) 100vw, 800px\" \/>\n\t\t\t<\/div><\/figure><figure class='gallery-item'>\n\t\t\t<div class='gallery-icon landscape'>\n\t\t\t\t<img width=\"3968\" height=\"2060\" src=\"https:\/\/medienwerkstatt-il.de\/CM\/wp-content\/uploads\/2020\/10\/schuelergruppe-in-ausstellung.jpg\" class=\"attachment-full size-full\" alt=\"\" decoding=\"async\" loading=\"lazy\" srcset=\"https:\/\/medienwerkstatt-il.de\/CM\/wp-content\/uploads\/2020\/10\/schuelergruppe-in-ausstellung.jpg 3968w, https:\/\/medienwerkstatt-il.de\/CM\/wp-content\/uploads\/2020\/10\/schuelergruppe-in-ausstellung-300x156.jpg 300w, https:\/\/medienwerkstatt-il.de\/CM\/wp-content\/uploads\/2020\/10\/schuelergruppe-in-ausstellung-768x399.jpg 768w, https:\/\/medienwerkstatt-il.de\/CM\/wp-content\/uploads\/2020\/10\/schuelergruppe-in-ausstellung-1024x532.jpg 1024w\" sizes=\"(max-width: 3968px) 100vw, 3968px\" \/>\n\t\t\t<\/div><\/figure><figure class='gallery-item'>\n\t\t\t<div class='gallery-icon landscape'>\n\t\t\t\t<img width=\"3708\" height=\"1780\" src=\"https:\/\/medienwerkstatt-il.de\/CM\/wp-content\/uploads\/2020\/10\/blick-in-die-ausstellung.jpg\" class=\"attachment-full size-full\" alt=\"\" decoding=\"async\" loading=\"lazy\" srcset=\"https:\/\/medienwerkstatt-il.de\/CM\/wp-content\/uploads\/2020\/10\/blick-in-die-ausstellung.jpg 3708w, https:\/\/medienwerkstatt-il.de\/CM\/wp-content\/uploads\/2020\/10\/blick-in-die-ausstellung-300x144.jpg 300w, https:\/\/medienwerkstatt-il.de\/CM\/wp-content\/uploads\/2020\/10\/blick-in-die-ausstellung-768x369.jpg 768w, https:\/\/medienwerkstatt-il.de\/CM\/wp-content\/uploads\/2020\/10\/blick-in-die-ausstellung-1024x492.jpg 1024w\" sizes=\"(max-width: 3708px) 100vw, 3708px\" \/>\n\t\t\t<\/div><\/figure>\n\t\t<\/div>\n\n<h3><strong>Weitere Informationen<\/strong><\/h3>\n<p><strong>\u00d6ffnungszeiten<\/strong><\/p>\n<p>Montag bis Freitag: 14 bis 16 Uhr<\/p>\n<p>Termine f\u00fcr SCHULEN und andere GRUPPEN auf Anfrage &#8211; <a href=\"mailto:kontakt@medienwerkstatt-il.de\">Kontakt<\/a><\/p>\n<p><strong>Begleitprogramm zur Ausstellung in Gifhorn<br \/>\n<\/strong><\/p>\n<p><strong>Ausstellungser\u00f6ffnung, Mittwoch, 23. August 2023, 18:00 Uhr<\/strong><br \/>\nEr\u00f6ffnung in der Mensa des Gymnasiums Hankensb\u00fcttel mit musikalischer Begleitung. Lernen Sie die Ausstellung und die bewegenden Zeitzeugenberichte nach kurzer Einf\u00fchrung selbstst\u00e4ndig kennen.<\/p>\n<p><strong>Trommelworkshop, Donnerstag, 7. September 2023, 18:30 Uhr<\/strong><br \/>\nTrommelworkshop zum Mitmachen: Eintauchen in die Welt afrikanischer Rhythmen mit der Gruppe \u201eEMmens\u201c, entstanden als interkulturelles Projekt der Jugendf\u00f6rderung in der Samtgemeinde Hankensb\u00fcttel.<\/p>\n<p><strong>Film und Diskussion, Donnerstag, 5. Oktober 2023, 18:00 Uhr<\/strong><br \/>\nAls Paul \u00fcber das Meer kam. Dokumentarfilm \u00fcber das Schicksal von Paul Nkamani aus Kamerun. Aus der geplanten Doku \u00fcber europ\u00e4ische Au\u00dfengrenzen und Abschiebepraxis wurde ein ergreifender Film.<\/p>\n<p><strong>Zeitzeugen geben Auskunft, Donnerstag, 16. November 2023, 18:00 Uhr<\/strong><br \/>\nZeitzeugen und Gefl\u00fcchtete tauschen ihre Erfahrungen von Flucht und Ankommen in der neuen Heimat aus. Fragen von Sch\u00fclern, Lehrern und anderen Besuchern sind willkommen.<\/p>\n<p>&nbsp;<\/p>\n<p>Die Konzeption und Erstellung der Ausstellung &#8222;Ankommen&#8220; wurde gef\u00f6rdert durch:<\/p>\n<div id='gallery-2' class='gallery galleryid-410 gallery-columns-5 gallery-size-full'><figure class='gallery-item'>\n\t\t\t<div class='gallery-icon landscape'>\n\t\t\t\t<img width=\"1422\" height=\"749\" src=\"https:\/\/medienwerkstatt-il.de\/CM\/wp-content\/uploads\/2019\/10\/LAS_Logo_RGB_Rot.png\" class=\"attachment-full size-full\" alt=\"\" decoding=\"async\" loading=\"lazy\" srcset=\"https:\/\/medienwerkstatt-il.de\/CM\/wp-content\/uploads\/2019\/10\/LAS_Logo_RGB_Rot.png 1422w, https:\/\/medienwerkstatt-il.de\/CM\/wp-content\/uploads\/2019\/10\/LAS_Logo_RGB_Rot-300x158.png 300w, https:\/\/medienwerkstatt-il.de\/CM\/wp-content\/uploads\/2019\/10\/LAS_Logo_RGB_Rot-768x405.png 768w, https:\/\/medienwerkstatt-il.de\/CM\/wp-content\/uploads\/2019\/10\/LAS_Logo_RGB_Rot-1024x539.png 1024w\" sizes=\"(max-width: 1422px) 100vw, 1422px\" \/>\n\t\t\t<\/div><\/figure><figure class='gallery-item'>\n\t\t\t<div class='gallery-icon landscape'>\n\t\t\t\t<img width=\"2362\" height=\"578\" src=\"https:\/\/medienwerkstatt-il.de\/CM\/wp-content\/uploads\/2019\/10\/Logo_MWK_Gef\u00f6rdert_durch.jpg\" class=\"attachment-full size-full\" alt=\"\" decoding=\"async\" loading=\"lazy\" srcset=\"https:\/\/medienwerkstatt-il.de\/CM\/wp-content\/uploads\/2019\/10\/Logo_MWK_Gef\u00f6rdert_durch.jpg 2362w, https:\/\/medienwerkstatt-il.de\/CM\/wp-content\/uploads\/2019\/10\/Logo_MWK_Gef\u00f6rdert_durch-300x73.jpg 300w, https:\/\/medienwerkstatt-il.de\/CM\/wp-content\/uploads\/2019\/10\/Logo_MWK_Gef\u00f6rdert_durch-768x188.jpg 768w, https:\/\/medienwerkstatt-il.de\/CM\/wp-content\/uploads\/2019\/10\/Logo_MWK_Gef\u00f6rdert_durch-1024x251.jpg 1024w\" sizes=\"(max-width: 2362px) 100vw, 2362px\" \/>\n\t\t\t<\/div><\/figure><figure class='gallery-item'>\n\t\t\t<div class='gallery-icon landscape'>\n\t\t\t\t<img width=\"2362\" height=\"661\" src=\"https:\/\/medienwerkstatt-il.de\/CM\/wp-content\/uploads\/2019\/10\/Logo_Stiftung-Niedersachsen.png\" class=\"attachment-full size-full\" alt=\"\" decoding=\"async\" loading=\"lazy\" srcset=\"https:\/\/medienwerkstatt-il.de\/CM\/wp-content\/uploads\/2019\/10\/Logo_Stiftung-Niedersachsen.png 2362w, https:\/\/medienwerkstatt-il.de\/CM\/wp-content\/uploads\/2019\/10\/Logo_Stiftung-Niedersachsen-300x84.png 300w, https:\/\/medienwerkstatt-il.de\/CM\/wp-content\/uploads\/2019\/10\/Logo_Stiftung-Niedersachsen-768x215.png 768w, https:\/\/medienwerkstatt-il.de\/CM\/wp-content\/uploads\/2019\/10\/Logo_Stiftung-Niedersachsen-1024x287.png 1024w\" sizes=\"(max-width: 2362px) 100vw, 2362px\" \/>\n\t\t\t<\/div><\/figure><figure class='gallery-item'>\n\t\t\t<div class='gallery-icon landscape'>\n\t\t\t\t<img width=\"629\" height=\"132\" src=\"https:\/\/medienwerkstatt-il.de\/CM\/wp-content\/uploads\/2019\/10\/Logo-Stiftung-NVuR.png\" class=\"attachment-full size-full\" alt=\"\" decoding=\"async\" loading=\"lazy\" srcset=\"https:\/\/medienwerkstatt-il.de\/CM\/wp-content\/uploads\/2019\/10\/Logo-Stiftung-NVuR.png 629w, https:\/\/medienwerkstatt-il.de\/CM\/wp-content\/uploads\/2019\/10\/Logo-Stiftung-NVuR-300x63.png 300w\" sizes=\"(max-width: 629px) 100vw, 629px\" \/>\n\t\t\t<\/div><\/figure><figure class='gallery-item'>\n\t\t\t<div class='gallery-icon landscape'>\n\t\t\t\t<img width=\"1161\" height=\"221\" src=\"https:\/\/medienwerkstatt-il.de\/CM\/wp-content\/uploads\/2019\/10\/Logo_4c_einzeilig_links_pos.png\" class=\"attachment-full size-full\" alt=\"\" decoding=\"async\" loading=\"lazy\" srcset=\"https:\/\/medienwerkstatt-il.de\/CM\/wp-content\/uploads\/2019\/10\/Logo_4c_einzeilig_links_pos.png 1161w, https:\/\/medienwerkstatt-il.de\/CM\/wp-content\/uploads\/2019\/10\/Logo_4c_einzeilig_links_pos-300x57.png 300w, https:\/\/medienwerkstatt-il.de\/CM\/wp-content\/uploads\/2019\/10\/Logo_4c_einzeilig_links_pos-768x146.png 768w, https:\/\/medienwerkstatt-il.de\/CM\/wp-content\/uploads\/2019\/10\/Logo_4c_einzeilig_links_pos-1024x195.png 1024w\" sizes=\"(max-width: 1161px) 100vw, 1161px\" \/>\n\t\t\t<\/div><\/figure>\n\t\t<\/div>\n\n","protected":false},"excerpt":{"rendered":"<p>Portr\u00e4ts von Fl\u00fcchtlingen aus unterschiedlichen Perioden im Isenhagener Land, eine Fotoausstellung mit audiovisuellen Elementen Hoang Tran, Meinhard Gehse, Hermann Bartel, drei Namen, die eines gemeinsam haben. Sie kamen als Fl\u00fcchtlinge ins Isenhagener Land. Drei von zwanzig Menschen, deren Portr\u00e4ts und pers\u00f6nliche Geschichten die Ausstellung \u201eAnkommen\u201c zeigt.<\/p>\n","protected":false},"author":1,"featured_media":411,"comment_status":"closed","ping_status":"closed","sticky":false,"template":"","format":"standard","meta":[],"categories":[6,14],"tags":[],"_links":{"self":[{"href":"https:\/\/medienwerkstatt-il.de\/CM\/wp-json\/wp\/v2\/posts\/410"}],"collection":[{"href":"https:\/\/medienwerkstatt-il.de\/CM\/wp-json\/wp\/v2\/posts"}],"about":[{"href":"https:\/\/medienwerkstatt-il.de\/CM\/wp-json\/wp\/v2\/types\/post"}],"author":[{"embeddable":true,"href":"https:\/\/medienwerkstatt-il.de\/CM\/wp-json\/wp\/v2\/users\/1"}],"replies":[{"embeddable":true,"href":"https:\/\/medienwerkstatt-il.de\/CM\/wp-json\/wp\/v2\/comments?post=410"}],"version-history":[{"count":42,"href":"https:\/\/medienwerkstatt-il.de\/CM\/wp-json\/wp\/v2\/posts\/410\/revisions"}],"predecessor-version":[{"id":572,"href":"https:\/\/medienwerkstatt-il.de\/CM\/wp-json\/wp\/v2\/posts\/410\/revisions\/572"}],"wp:featuredmedia":[{"embeddable":true,"href":"https:\/\/medienwerkstatt-il.de\/CM\/wp-json\/wp\/v2\/media\/411"}],"wp:attachment":[{"href":"https:\/\/medienwerkstatt-il.de\/CM\/wp-json\/wp\/v2\/media?parent=410"}],"wp:term":[{"taxonomy":"category","embeddable":true,"href":"https:\/\/medienwerkstatt-il.de\/CM\/wp-json\/wp\/v2\/categories?post=410"},{"taxonomy":"post_tag","embeddable":true,"href":"https:\/\/medienwerkstatt-il.de\/CM\/wp-json\/wp\/v2\/tags?post=410"}],"curies":[{"name":"wp","href":"https:\/\/api.w.org\/{rel}","templated":true}]}}